{"id":186,"count":1,"description":"","link":"https:\/\/safirdemo.com\/neva\/tag\/emniyetten-kan-bagisina-destek\/","name":"Emniyetten kan ba\u011f\u0131\u015f\u0131na destek","slug":"emniyetten-kan-bagisina-destek","taxonomy":"post_tag","meta":[],"_links":{"self":[{"href":"https:\/\/safirdemo.com\/neva\/wp-json\/wp\/v2\/tags\/186","targetHints":{"allow":["GET"]}}],"collection":[{"href":"https:\/\/safirdemo.com\/neva\/wp-json\/wp\/v2\/tags"}],"about":[{"href":"https:\/\/safirdemo.com\/neva\/wp-json\/wp\/v2\/taxonomies\/post_tag"}],"wp:post_type":[{"href":"https:\/\/safirdemo.com\/neva\/wp-json\/wp\/v2\/posts?tags=186"}],"curies":[{"name":"wp","href":"https:\/\/api.w.org\/{rel}","templated":true}]}}